{"id":1043,"date":"2026-03-02T17:36:11","date_gmt":"2026-03-02T17:36:11","guid":{"rendered":"https:\/\/www.cvbarreiro.com\/?p=1043"},"modified":"2026-03-02T17:36:14","modified_gmt":"2026-03-02T17:36:14","slug":"52o-torneio-internacional-de-vela-do-carnaval-clube-internacional-da-marina-de-vilamoura","status":"publish","type":"post","link":"https:\/\/www.cvbarreiro.com\/index.php\/2026\/03\/02\/52o-torneio-internacional-de-vela-do-carnaval-clube-internacional-da-marina-de-vilamoura\/","title":{"rendered":"52\u00ba Torneio Internacional de Vela do Carnaval &#8211; Clube Internacional da Marina de Vilamoura"},"content":{"rendered":"\n<p>Realizou-se de 14 a 16 de fevereiro em Vilamoura a tradicional regata de Carnaval, que contou com a presen\u00e7a de mais de 300 velejadores que competiram em 5 classes. Foram dias duros com v\u00e1rios tipos de vento, forte, m\u00e9dio e fraco e com bastantes oscila\u00e7\u00f5es de intensidade e dire\u00e7\u00e3o, principalmente no \u00faltimo dia o que dificultou muito a tarefa dos velejadores e organiza\u00e7\u00e3o.<br><\/p>\n\n\n\n<figure class=\"wp-block-image size-large\"><img fetchpriority=\"high\" decoding=\"async\" width=\"1024\" height=\"683\" src=\"https:\/\/www.cvbarreiro.com\/wp-content\/uploads\/2026\/03\/image-1024x683.jpeg\" alt=\"\" class=\"wp-image-1044\" srcset=\"https:\/\/www.cvbarreiro.com\/wp-content\/uploads\/2026\/03\/image-1024x683.jpeg 1024w, https:\/\/www.cvbarreiro.com\/wp-content\/uploads\/2026\/03\/image-300x200.jpeg 300w, https:\/\/www.cvbarreiro.com\/wp-content\/uploads\/2026\/03\/image-768x512.jpeg 768w, https:\/\/www.cvbarreiro.com\/wp-content\/uploads\/2026\/03\/image.jpeg 1500w\" sizes=\"(max-width: 1024px) 100vw, 1024px\" \/><\/figure>\n\n\n\n<p>Foi sem d\u00favida um optimo e treino e mais um passo no crescimento dos nossos velejadores. O destaque na classe optimist vai para o velejador Artur Bento que terminou no 6\u00ba lugar da geral na frota Optimist e para o velejador Jo\u00e3o Albuquerque que terminou no 8\u00balugar na frota Optimist Infantil. Na Classe ILCA6 Madalena Wanzeller terminou no 12\u00ba lugar da geral e Catarina Oliveira no 22\u00balugar.<\/p>\n\n\n\n<p><strong>Classifica\u00e7\u00e3o geral Optimist&nbsp;<\/strong><\/p>\n\n\n\n<p>1\u00ba Guilherme Costa &#8211; Clube Naval de Cascais&nbsp;<\/p>\n\n\n\n<p>2\u00ba Antonio Moreira &#8211; <a href=\"https:\/\/www.facebook.com\/clubevelaatlantico?__cft__%5b0%5d=AZbDzyxpr8FqdGS7f4GESWNKOPA4Ss45TrcZAdb4pqqgmzU457DW6eI9QaoRYo72WtSY8oe3toSIAIUuIMdME4wocviHPC1N-yxoYTqd452Th4-xH0khwnvwRus0OPPR1TfdP2scLb0AlhKxDDpxWr7Jyw_eVuYNQWSmqdsJlvEJ5zh4mAf5cey75NdkGAzO-HI&amp;__tn__=-%5dK-R\"><strong>Clube de Vela Atl\u00e2ntico<\/strong><\/a><\/p>\n\n\n\n<p>3\u00ba Pedro Firmeza &#8211; Clube de Vela Costa Nova&nbsp;<\/p>\n\n\n\n<p>6\u00ba Artur Bento &#8211; Clube de Vela do Barreiro&nbsp;<\/p>\n\n\n\n<p>Classifica\u00e7\u00e3o geral Optimist Infantil&nbsp;<\/p>\n\n\n\n<p>1\u00ba Tom\u00e1s Guedes &#8211; Ginasio Clube Naval de Faro<\/p>\n\n\n\n<p>2\u00ba Jo\u00e3o Cordeiro &#8211; Sport Club do Porto&nbsp;<\/p>\n\n\n\n<p>3\u00ba Maria Do Mar &#8211; Clube Naval de Portim\u00e3o&nbsp;<\/p>\n\n\n\n<p>8\u00ba Jo\u00e3o Albuquerque &#8211; Clube de Vela do Barreiro&nbsp;<\/p>\n\n\n\n<p>16\u00ba Eduardo Cruz &#8211; Clube de Vela do Barreiro&nbsp;<\/p>\n\n\n\n<p>23\u00ba Tom\u00e1s Rico &#8211; Clube de Vela do Barreiro&nbsp;<\/p>\n\n\n\n<p><strong>Classifica\u00e7\u00e3o geral ILCA6&nbsp;<\/strong><\/p>\n\n\n\n<p>1\u00ba Aleksandra Lukoyanova &#8211; BUL-Sailing club Chernomorets Burgas<\/p>\n\n\n\n<p>2\u00ba Kuzey Karis &#8211; Clube Naval de Cascais&nbsp;<\/p>\n\n\n\n<p>3\u00ba Ebru Bolat &#8211; ROU-CSM Constanta<\/p>\n\n\n\n<p>12\u00ba Madalena Wanzeller &#8211; Clube de Vela do Barreiro&nbsp;<\/p>\n\n\n\n<p>22\u00ba Catarina Oliveira &#8211; Clube de Vela do Barreiro&nbsp;<\/p>\n\n\n\n<p><strong>Classifica\u00e7\u00e3o geral ILCA4<\/strong><\/p>\n\n\n\n<p>1\u00ba Lauri Sepponen &#8211; FIN &#8211; HSK<\/p>\n\n\n\n<p>2\u00ba Maurits Melens &#8211; NED<\/p>\n\n\n\n<p>3\u00ba Niilo Salmela &#8211; FIN &#8211; Helsingfors Segelklubb<\/p>\n\n\n\n<p>56\u00ba Antonio Marques &#8211; Clube de Vela do Barreiro&nbsp;<\/p>\n\n\n\n<p>Parab\u00e9ns a todos !! As equipas continuam em Vilamoura at\u00e9 ao pr\u00f3ximo dia 23 em estagio que termina com a participa\u00e7\u00e3o no Campeonato do Algarve !!!<\/p>\n\n\n\n<p>Mais informa\u00e7\u00e3o e fotos na nossa p\u00e1gina do facebook: <a href=\"https:\/\/www.facebook.com\/cvbarreiro\/\">https:\/\/www.facebook.com\/cvbarreiro\/<\/a>&nbsp;<\/p>\n","protected":false},"excerpt":{"rendered":"<p>Realizou-se de 14 a 16 de fevereiro em Vilamoura a tradicional regata de Carnaval, que contou com a presen\u00e7a de mais de 300 velejadores que competiram em 5 classes. Foram dias duros com v\u00e1rios tipos de vento, forte, m\u00e9dio e fraco e com bastantes oscila\u00e7\u00f5es de intensidade e dire\u00e7\u00e3o, principalmente no \u00faltimo dia o que dificultou muito a tarefa dos velejadores e organiza\u00e7\u00e3o. Foi sem d\u00favida um optimo e treino e mais um passo no crescimento dos nossos velejadores. O destaque na classe optimist vai para o velejador Artur Bento que terminou no 6\u00ba lugar da geral na frota Optimist e para o velejador Jo\u00e3o Albuquerque que terminou no 8\u00balugar na frota Optimist Infantil. Na Classe ILCA6 Madalena Wanzeller terminou no 12\u00ba lugar da geral e Catarina Oliveira no 22\u00balugar. Classifica\u00e7\u00e3o geral Optimist&nbsp; 1\u00ba Guilherme Costa &#8211; Clube Naval de Cascais&nbsp; 2\u00ba Antonio Moreira &#8211; Clube de Vela Atl\u00e2ntico 3\u00ba Pedro Firmeza &#8211; Clube de Vela Costa Nova&nbsp; 6\u00ba Artur Bento &#8211; Clube de Vela do Barreiro&nbsp; Classifica\u00e7\u00e3o geral Optimist Infantil&nbsp; 1\u00ba Tom\u00e1s Guedes &#8211; Ginasio Clube Naval de Faro 2\u00ba Jo\u00e3o Cordeiro &#8211; Sport Club do Porto&nbsp; 3\u00ba Maria Do Mar &#8211; Clube Naval de Portim\u00e3o&nbsp; 8\u00ba Jo\u00e3o Albuquerque &#8211; Clube de Vela do Barreiro&nbsp; 16\u00ba Eduardo Cruz &#8211; Clube de Vela do Barreiro&nbsp; 23\u00ba Tom\u00e1s Rico &#8211; Clube de Vela do Barreiro&nbsp; Classifica\u00e7\u00e3o geral ILCA6&nbsp; 1\u00ba Aleksandra Lukoyanova &#8211; BUL-Sailing club Chernomorets Burgas 2\u00ba Kuzey Karis &#8211; Clube Naval de Cascais&nbsp; 3\u00ba Ebru Bolat &#8211; ROU-CSM Constanta 12\u00ba Madalena Wanzeller &#8211; Clube de Vela do Barreiro&nbsp; 22\u00ba Catarina Oliveira &#8211; Clube de Vela do Barreiro&nbsp; Classifica\u00e7\u00e3o geral ILCA4 1\u00ba Lauri Sepponen &#8211; FIN &#8211; HSK 2\u00ba Maurits Melens &#8211; NED 3\u00ba Niilo Salmela &#8211; FIN &#8211; Helsingfors Segelklubb 56\u00ba Antonio Marques &#8211; Clube de Vela do Barreiro&nbsp; Parab\u00e9ns a todos !! As equipas continuam em Vilamoura at\u00e9 ao pr\u00f3ximo dia 23 em estagio que termina com a participa\u00e7\u00e3o no Campeonato do Algarve !!! Mais informa\u00e7\u00e3o e fotos na nossa p\u00e1gina do facebook: https:\/\/www.facebook.com\/cvbarreiro\/&nbsp;<\/p>\n","protected":false},"author":2,"featured_media":1044,"comment_status":"closed","ping_status":"open","sticky":false,"template":"","format":"standard","meta":{"footnotes":""},"categories":[5],"tags":[],"class_list":["post-1043","post","type-post","status-publish","format-standard","has-post-thumbnail","hentry","category-press"],"aioseo_notices":[],"_links":{"self":[{"href":"https:\/\/www.cvbarreiro.com\/index.php\/wp-json\/wp\/v2\/posts\/1043","targetHints":{"allow":["GET"]}}],"collection":[{"href":"https:\/\/www.cvbarreiro.com\/index.php\/wp-json\/wp\/v2\/posts"}],"about":[{"href":"https:\/\/www.cvbarreiro.com\/index.php\/wp-json\/wp\/v2\/types\/post"}],"author":[{"embeddable":true,"href":"https:\/\/www.cvbarreiro.com\/index.php\/wp-json\/wp\/v2\/users\/2"}],"replies":[{"embeddable":true,"href":"https:\/\/www.cvbarreiro.com\/index.php\/wp-json\/wp\/v2\/comments?post=1043"}],"version-history":[{"count":1,"href":"https:\/\/www.cvbarreiro.com\/index.php\/wp-json\/wp\/v2\/posts\/1043\/revisions"}],"predecessor-version":[{"id":1045,"href":"https:\/\/www.cvbarreiro.com\/index.php\/wp-json\/wp\/v2\/posts\/1043\/revisions\/1045"}],"wp:featuredmedia":[{"embeddable":true,"href":"https:\/\/www.cvbarreiro.com\/index.php\/wp-json\/wp\/v2\/media\/1044"}],"wp:attachment":[{"href":"https:\/\/www.cvbarreiro.com\/index.php\/wp-json\/wp\/v2\/media?parent=1043"}],"wp:term":[{"taxonomy":"category","embeddable":true,"href":"https:\/\/www.cvbarreiro.com\/index.php\/wp-json\/wp\/v2\/categories?post=1043"},{"taxonomy":"post_tag","embeddable":true,"href":"https:\/\/www.cvbarreiro.com\/index.php\/wp-json\/wp\/v2\/tags?post=1043"}],"curies":[{"name":"wp","href":"https:\/\/api.w.org\/{rel}","templated":true}]}}