{"id":427,"date":"2025-10-14T15:04:27","date_gmt":"2025-10-14T15:04:27","guid":{"rendered":"https:\/\/www.cvbarreiro.com\/?p=427"},"modified":"2025-10-14T15:04:27","modified_gmt":"2025-10-14T15:04:27","slug":"campeonato-de-portugal-de-juvenis-e-infantis-optimist","status":"publish","type":"post","link":"https:\/\/www.cvbarreiro.com\/index.php\/2025\/10\/14\/campeonato-de-portugal-de-juvenis-e-infantis-optimist\/","title":{"rendered":"CAMPEONATO DE PORTUGAL DE JUVENIS E INFANTIS OPTIMIST"},"content":{"rendered":"\n<p>Artur Bento termina no 3\u00ba lugar da geral Juvenil<\/p>\n\n\n\n<figure class=\"wp-block-image aligncenter size-full\"><img fetchpriority=\"high\" decoding=\"async\" width=\"613\" height=\"409\" src=\"https:\/\/www.cvbarreiro.com\/wp-content\/uploads\/2025\/10\/Artur_Bento_cvb.webp\" alt=\"\" class=\"wp-image-428\" srcset=\"https:\/\/www.cvbarreiro.com\/wp-content\/uploads\/2025\/10\/Artur_Bento_cvb.webp 613w, https:\/\/www.cvbarreiro.com\/wp-content\/uploads\/2025\/10\/Artur_Bento_cvb-300x200.webp 300w\" sizes=\"(max-width: 613px) 100vw, 613px\" \/><\/figure>\n\n\n\n<p>Realizou-se de 6 a 10 de junho, em Cascais, o<strong> Campeonato de Portugal de Juvenis e Infantis <\/strong>\u2013 classe Optimist, esta prova foi organizada pela Federa\u00e7\u00e3o Portuguesa de Vela e pelo Clube Naval de Cascais. Durante os dias de prova foi poss\u00edvel realizar as 7 regatas previstas no programa, com v\u00e1rias condi\u00e7\u00f5es de vento e de mar.<\/p>\n\n\n\n<p>O Clube de Vela do Barreiro participou com o velejador Artur Bento acompanhado pelo treinador Pedro Bolina.<\/p>\n\n\n\n<p>O Artur Bento, de 11 anos, esteve em grande plano terminando no 3\u00ba lugar do p\u00f3dio na frota juvenil que contou com 81 velejadores de todo o Pais.<\/p>\n\n\n\n<p><strong>Classifica\u00e7\u00e3o geral final<\/strong> &#8211; <strong>Classe Optimist<\/strong><\/p>\n\n\n\n<p>1\u00ba &#8211; Miguel Nunes \u2013 Associa\u00e7\u00e3o Naval do Guadiana<br>2\u00ba &#8211; Guilherme Ryder &#8211; Clube Naval de Cascais<strong><br>3\u00ba &#8211; Artur Bento &#8211; Clube de Vela do Barreiro<\/strong><\/p>\n\n\n\n<figure class=\"wp-block-image aligncenter size-full\"><img decoding=\"async\" width=\"634\" height=\"423\" src=\"https:\/\/www.cvbarreiro.com\/wp-content\/uploads\/2025\/10\/Artur_Bento2_cvb.webp\" alt=\"\" class=\"wp-image-429\" srcset=\"https:\/\/www.cvbarreiro.com\/wp-content\/uploads\/2025\/10\/Artur_Bento2_cvb.webp 634w, https:\/\/www.cvbarreiro.com\/wp-content\/uploads\/2025\/10\/Artur_Bento2_cvb-300x200.webp 300w\" sizes=\"(max-width: 634px) 100vw, 634px\" \/><\/figure>\n\n\n\n<p>Equipa CVB<\/p>\n\n\n\n<p>Parab\u00e9ns ao Artur pelo lugar no p\u00f3dio, mas acima de tudo pela dedica\u00e7\u00e3o e garra demonstrada ao longo do Campeonato. Parab\u00e9ns ao treinador Pedro Bolina pela prepara\u00e7\u00e3o deste Campeonato, e pelo empenho e dedica\u00e7\u00e3o ao longo da \u00e9poca. Um agradecimento aos pais que s\u00e3o parte integrante deste processo e sem eles n\u00e3o seria poss\u00edvel esta participa\u00e7\u00e3o e este resultado.<\/p>\n","protected":false},"excerpt":{"rendered":"<p>Artur Bento termina no 3\u00ba lugar da geral Juvenil Realizou-se de 6 a 10 de junho, em Cascais, o Campeonato de Portugal de Juvenis e Infantis \u2013 classe Optimist, esta prova foi organizada pela Federa\u00e7\u00e3o Portuguesa de Vela e pelo Clube Naval de Cascais. Durante os dias de prova foi poss\u00edvel realizar as 7 regatas previstas no programa, com v\u00e1rias condi\u00e7\u00f5es de vento e de mar. O Clube de Vela do Barreiro participou com o velejador Artur Bento acompanhado pelo treinador Pedro Bolina. O Artur Bento, de 11 anos, esteve em grande plano terminando no 3\u00ba lugar do p\u00f3dio na frota juvenil que contou com 81 velejadores de todo o Pais. Classifica\u00e7\u00e3o geral final &#8211; Classe Optimist 1\u00ba &#8211; Miguel Nunes \u2013 Associa\u00e7\u00e3o Naval do Guadiana2\u00ba &#8211; Guilherme Ryder &#8211; Clube Naval de Cascais3\u00ba &#8211; Artur Bento &#8211; Clube de Vela do Barreiro Equipa CVB Parab\u00e9ns ao Artur pelo lugar no p\u00f3dio, mas acima de tudo pela dedica\u00e7\u00e3o e garra demonstrada ao longo do Campeonato. Parab\u00e9ns ao treinador Pedro Bolina pela prepara\u00e7\u00e3o deste Campeonato, e pelo empenho e dedica\u00e7\u00e3o ao longo da \u00e9poca. Um agradecimento aos pais que s\u00e3o parte integrante deste processo e sem eles n\u00e3o seria poss\u00edvel esta participa\u00e7\u00e3o e este resultado.<\/p>\n","protected":false},"author":1,"featured_media":428,"comment_status":"closed","ping_status":"open","sticky":false,"template":"","format":"standard","meta":{"footnotes":""},"categories":[5],"tags":[],"class_list":["post-427","post","type-post","status-publish","format-standard","has-post-thumbnail","hentry","category-press"],"aioseo_notices":[],"_links":{"self":[{"href":"https:\/\/www.cvbarreiro.com\/index.php\/wp-json\/wp\/v2\/posts\/427","targetHints":{"allow":["GET"]}}],"collection":[{"href":"https:\/\/www.cvbarreiro.com\/index.php\/wp-json\/wp\/v2\/posts"}],"about":[{"href":"https:\/\/www.cvbarreiro.com\/index.php\/wp-json\/wp\/v2\/types\/post"}],"author":[{"embeddable":true,"href":"https:\/\/www.cvbarreiro.com\/index.php\/wp-json\/wp\/v2\/users\/1"}],"replies":[{"embeddable":true,"href":"https:\/\/www.cvbarreiro.com\/index.php\/wp-json\/wp\/v2\/comments?post=427"}],"version-history":[{"count":1,"href":"https:\/\/www.cvbarreiro.com\/index.php\/wp-json\/wp\/v2\/posts\/427\/revisions"}],"predecessor-version":[{"id":430,"href":"https:\/\/www.cvbarreiro.com\/index.php\/wp-json\/wp\/v2\/posts\/427\/revisions\/430"}],"wp:featuredmedia":[{"embeddable":true,"href":"https:\/\/www.cvbarreiro.com\/index.php\/wp-json\/wp\/v2\/media\/428"}],"wp:attachment":[{"href":"https:\/\/www.cvbarreiro.com\/index.php\/wp-json\/wp\/v2\/media?parent=427"}],"wp:term":[{"taxonomy":"category","embeddable":true,"href":"https:\/\/www.cvbarreiro.com\/index.php\/wp-json\/wp\/v2\/categories?post=427"},{"taxonomy":"post_tag","embeddable":true,"href":"https:\/\/www.cvbarreiro.com\/index.php\/wp-json\/wp\/v2\/tags?post=427"}],"curies":[{"name":"wp","href":"https:\/\/api.w.org\/{rel}","templated":true}]}}