{"id":850,"date":"2026-02-02T18:31:07","date_gmt":"2026-02-02T18:31:07","guid":{"rendered":"https:\/\/www.cvbarreiro.com\/?p=850"},"modified":"2026-02-02T18:32:35","modified_gmt":"2026-02-02T18:32:35","slug":"velejadores-do-cvb-apuram-se-para-o-europeu-ilca6-2","status":"publish","type":"post","link":"https:\/\/www.cvbarreiro.com\/index.php\/2026\/02\/02\/velejadores-do-cvb-apuram-se-para-o-europeu-ilca6-2\/","title":{"rendered":"Velejadores do CVB apuram-se para o Europeu ILCA6"},"content":{"rendered":"\n<figure class=\"wp-block-image size-large\"><img fetchpriority=\"high\" decoding=\"async\" width=\"1024\" height=\"683\" src=\"https:\/\/www.cvbarreiro.com\/wp-content\/uploads\/2026\/01\/perss01-1024x683.webp\" alt=\"\" class=\"wp-image-851\" srcset=\"https:\/\/www.cvbarreiro.com\/wp-content\/uploads\/2026\/01\/perss01-1024x683.webp 1024w, https:\/\/www.cvbarreiro.com\/wp-content\/uploads\/2026\/01\/perss01-300x200.webp 300w, https:\/\/www.cvbarreiro.com\/wp-content\/uploads\/2026\/01\/perss01-768x513.webp 768w, https:\/\/www.cvbarreiro.com\/wp-content\/uploads\/2026\/01\/perss01.webp 1260w\" sizes=\"(max-width: 1024px) 100vw, 1024px\" \/><\/figure>\n\n\n\n<p>Realizou-se de 1 a 3 mar\u00e7o, o tradicional Torneio internacional de Carnaval, este ano na sua 51\u00aa edi\u00e7\u00e3o. Para as classes ILCA 6 serviu como \u00faltima prova de Apuramento Nacional (PAN) para o Campeonato da Europa que se ir\u00e1 realizar em Vilamoura no m\u00eas de abril.<\/p>\n\n\n\n<p>De real\u00e7ar que a classe ILCA 6 \u00e9 classe ol\u00edmpica feminina, o que faz com que o n\u00edvel Nacional e Internacional seja muito elevado. Esta \u00faltima PAN contou com um grande n\u00famero de velejadores estrangeiros que aproveitaram para treinar no campo de regatas do pr\u00f3ximo Europeu, a Catarina Oliveira terminou no 42\u00ba lugar, Madalena Wanzeller no 54\u00ba e Vasco Soares no 56\u00ba entre 101 atletas!!!<\/p>\n\n\n\n<p>No final ambas as velejadoras conseguiram o apuramento para o Campeonato da Europa, e ocupam o 1\u00ba e 2\u00ba lugar do ranking de acesso ao Mundial da ISAF (Prova mais importante do Calend\u00e1rio da vela para velejadores juniores)<\/p>\n\n\n\n<p>ILCA 6 &#8211; Prova Apuramento Nacional<\/p>\n\n\n\n<p>1\u00ba Jiri Tmes &#8211; CZE<\/p>\n\n\n\n<p>2\u00ba Benedek H\u00e9der &#8211; HUN<\/p>\n\n\n\n<p>3\u00ba Levian Buescher &#8211; GER<\/p>\n\n\n\n<p>42\u00ba Catarina Oliveira (12\u00ba PAN) &#8211; Clube de Vela do Barreiro<\/p>\n\n\n\n<p>54\u00ba Madalena Wanzeller (15\u00ba PAN) &#8211; Clube de Vela do Barreiro<\/p>\n\n\n\n<p>56\u00ba Vasco Soares (16\u00ba PAN) &#8211; Clube de Vela do Barreiro<\/p>\n\n\n\n<p>Neste momento a Madalena ocupa o 12\u00ba lugar do Ranking Nacional 3\u00ba feminina e 1\u00ba J\u00fanior, Vasco Soares o 17\u00ba geral e a Catarina ocupa o 18\u00ba lugar do Ranking, sendo 5\u00ba feminina e 3\u00ba j\u00fanior.<\/p>\n\n\n\n<p>Todos os nossos velejadores da classe ILCA 6 conseguiram o apuramento para o Europeu e continuam na luta para o Campeonato do Mundo da ISAF e do Campeonato do Mundo absoluto!!!<\/p>\n\n\n\n<figure class=\"wp-block-gallery has-nested-images columns-default is-cropped wp-block-gallery-1 is-layout-flex wp-block-gallery-is-layout-flex\">\n<figure class=\"wp-block-image size-large\"><img decoding=\"async\" width=\"1024\" height=\"688\" data-id=\"852\" src=\"https:\/\/www.cvbarreiro.com\/wp-content\/uploads\/2026\/02\/press02-1024x688.webp\" alt=\"\" class=\"wp-image-852\" srcset=\"https:\/\/www.cvbarreiro.com\/wp-content\/uploads\/2026\/02\/press02-1024x688.webp 1024w, https:\/\/www.cvbarreiro.com\/wp-content\/uploads\/2026\/02\/press02-300x202.webp 300w, https:\/\/www.cvbarreiro.com\/wp-content\/uploads\/2026\/02\/press02-768x516.webp 768w, https:\/\/www.cvbarreiro.com\/wp-content\/uploads\/2026\/02\/press02.webp 1260w\" sizes=\"(max-width: 1024px) 100vw, 1024px\" \/><\/figure>\n\n\n\n<figure class=\"wp-block-image size-large\"><img decoding=\"async\" width=\"1024\" height=\"685\" data-id=\"853\" src=\"https:\/\/www.cvbarreiro.com\/wp-content\/uploads\/2026\/02\/press03-1024x685.webp\" alt=\"\" class=\"wp-image-853\" srcset=\"https:\/\/www.cvbarreiro.com\/wp-content\/uploads\/2026\/02\/press03-1024x685.webp 1024w, https:\/\/www.cvbarreiro.com\/wp-content\/uploads\/2026\/02\/press03-300x201.webp 300w, https:\/\/www.cvbarreiro.com\/wp-content\/uploads\/2026\/02\/press03-768x514.webp 768w, https:\/\/www.cvbarreiro.com\/wp-content\/uploads\/2026\/02\/press03.webp 1260w\" sizes=\"(max-width: 1024px) 100vw, 1024px\" \/><\/figure>\n\n\n\n<figure class=\"wp-block-image size-large\"><img loading=\"lazy\" decoding=\"async\" width=\"1024\" height=\"683\" data-id=\"855\" src=\"https:\/\/www.cvbarreiro.com\/wp-content\/uploads\/2026\/02\/press04-1024x683.webp\" alt=\"\" class=\"wp-image-855\" srcset=\"https:\/\/www.cvbarreiro.com\/wp-content\/uploads\/2026\/02\/press04-1024x683.webp 1024w, https:\/\/www.cvbarreiro.com\/wp-content\/uploads\/2026\/02\/press04-300x200.webp 300w, https:\/\/www.cvbarreiro.com\/wp-content\/uploads\/2026\/02\/press04-768x513.webp 768w, https:\/\/www.cvbarreiro.com\/wp-content\/uploads\/2026\/02\/press04.webp 1260w\" sizes=\"(max-width: 1024px) 100vw, 1024px\" \/><\/figure>\n\n\n\n<figure class=\"wp-block-image size-large\"><img loading=\"lazy\" decoding=\"async\" width=\"1024\" height=\"683\" data-id=\"854\" src=\"https:\/\/www.cvbarreiro.com\/wp-content\/uploads\/2026\/02\/press05-1024x683.webp\" alt=\"\" class=\"wp-image-854\" srcset=\"https:\/\/www.cvbarreiro.com\/wp-content\/uploads\/2026\/02\/press05-1024x683.webp 1024w, https:\/\/www.cvbarreiro.com\/wp-content\/uploads\/2026\/02\/press05-300x200.webp 300w, https:\/\/www.cvbarreiro.com\/wp-content\/uploads\/2026\/02\/press05-768x513.webp 768w, https:\/\/www.cvbarreiro.com\/wp-content\/uploads\/2026\/02\/press05.webp 1260w\" sizes=\"(max-width: 1024px) 100vw, 1024px\" \/><\/figure>\n<\/figure>\n\n\n\n<p>Ranking completo em:<\/p>\n\n\n\n<figure class=\"wp-block-embed\"><div class=\"wp-block-embed__wrapper\">\nhttps:\/\/www.laserportugal.com\/ranking\n<\/div><\/figure>\n\n\n\n<figure class=\"wp-block-image size-large\"><img loading=\"lazy\" decoding=\"async\" width=\"1024\" height=\"481\" src=\"https:\/\/www.cvbarreiro.com\/wp-content\/uploads\/2026\/02\/press06-1024x481.webp\" alt=\"\" class=\"wp-image-856\" srcset=\"https:\/\/www.cvbarreiro.com\/wp-content\/uploads\/2026\/02\/press06-1024x481.webp 1024w, https:\/\/www.cvbarreiro.com\/wp-content\/uploads\/2026\/02\/press06-300x141.webp 300w, https:\/\/www.cvbarreiro.com\/wp-content\/uploads\/2026\/02\/press06-768x361.webp 768w, https:\/\/www.cvbarreiro.com\/wp-content\/uploads\/2026\/02\/press06.webp 1260w\" sizes=\"(max-width: 1024px) 100vw, 1024px\" \/><\/figure>\n\n\n\n<p>Parab\u00e9ns a todos!! Parab\u00e9ns ao Jo\u00e3o Morais que treina com os ILCA 6 com apenas 15anos, mas que corre nos ILCA 4 e continua na luta para os apuramentos Internacionais!! Parab\u00e9ns ao treinador Manuel Ramos!!! Um especial agradecimento aos pais que s\u00e3o parte do sucesso destas equipas e do Clube, sem eles n\u00e3o seria poss\u00edvel!!! \u00a0Vamos CVB !!!!<\/p>\n","protected":false},"excerpt":{"rendered":"<p>Realizou-se de 1 a 3 mar\u00e7o, o tradicional Torneio internacional de Carnaval, este ano na sua 51\u00aa edi\u00e7\u00e3o. Para as classes ILCA 6 serviu como \u00faltima prova de Apuramento Nacional (PAN) para o Campeonato da Europa que se ir\u00e1 realizar em Vilamoura no m\u00eas de abril. De real\u00e7ar que a classe ILCA 6 \u00e9 classe ol\u00edmpica feminina, o que faz com que o n\u00edvel Nacional e Internacional seja muito elevado. Esta \u00faltima PAN contou com um grande n\u00famero de velejadores estrangeiros que aproveitaram para treinar no campo de regatas do pr\u00f3ximo Europeu, a Catarina Oliveira terminou no 42\u00ba lugar, Madalena Wanzeller no 54\u00ba e Vasco Soares no 56\u00ba entre 101 atletas!!! No final ambas as velejadoras conseguiram o apuramento para o Campeonato da Europa, e ocupam o 1\u00ba e 2\u00ba lugar do ranking de acesso ao Mundial da ISAF (Prova mais importante do Calend\u00e1rio da vela para velejadores juniores) ILCA 6 &#8211; Prova Apuramento Nacional 1\u00ba Jiri Tmes &#8211; CZE 2\u00ba Benedek H\u00e9der &#8211; HUN 3\u00ba Levian Buescher &#8211; GER 42\u00ba Catarina Oliveira (12\u00ba PAN) &#8211; Clube de Vela do Barreiro 54\u00ba Madalena Wanzeller (15\u00ba PAN) &#8211; Clube de Vela do Barreiro 56\u00ba Vasco Soares (16\u00ba PAN) &#8211; Clube de Vela do Barreiro Neste momento a Madalena ocupa o 12\u00ba lugar do Ranking Nacional 3\u00ba feminina e 1\u00ba J\u00fanior, Vasco Soares o 17\u00ba geral e a Catarina ocupa o 18\u00ba lugar do Ranking, sendo 5\u00ba feminina e 3\u00ba j\u00fanior. Todos os nossos velejadores da classe ILCA 6 conseguiram o apuramento para o Europeu e continuam na luta para o Campeonato do Mundo da ISAF e do Campeonato do Mundo absoluto!!! Ranking completo em: Parab\u00e9ns a todos!! Parab\u00e9ns ao Jo\u00e3o Morais que treina com os ILCA 6 com apenas 15anos, mas que corre nos ILCA 4 e continua na luta para os apuramentos Internacionais!! Parab\u00e9ns ao treinador Manuel Ramos!!! Um especial agradecimento aos pais que s\u00e3o parte do sucesso destas equipas e do Clube, sem eles n\u00e3o seria poss\u00edvel!!! \u00a0Vamos CVB !!!!<\/p>\n","protected":false},"author":1,"featured_media":856,"comment_status":"closed","ping_status":"open","sticky":false,"template":"","format":"standard","meta":{"footnotes":""},"categories":[5],"tags":[],"class_list":["post-850","post","type-post","status-publish","format-standard","has-post-thumbnail","hentry","category-press"],"aioseo_notices":[],"_links":{"self":[{"href":"https:\/\/www.cvbarreiro.com\/index.php\/wp-json\/wp\/v2\/posts\/850","targetHints":{"allow":["GET"]}}],"collection":[{"href":"https:\/\/www.cvbarreiro.com\/index.php\/wp-json\/wp\/v2\/posts"}],"about":[{"href":"https:\/\/www.cvbarreiro.com\/index.php\/wp-json\/wp\/v2\/types\/post"}],"author":[{"embeddable":true,"href":"https:\/\/www.cvbarreiro.com\/index.php\/wp-json\/wp\/v2\/users\/1"}],"replies":[{"embeddable":true,"href":"https:\/\/www.cvbarreiro.com\/index.php\/wp-json\/wp\/v2\/comments?post=850"}],"version-history":[{"count":1,"href":"https:\/\/www.cvbarreiro.com\/index.php\/wp-json\/wp\/v2\/posts\/850\/revisions"}],"predecessor-version":[{"id":857,"href":"https:\/\/www.cvbarreiro.com\/index.php\/wp-json\/wp\/v2\/posts\/850\/revisions\/857"}],"wp:featuredmedia":[{"embeddable":true,"href":"https:\/\/www.cvbarreiro.com\/index.php\/wp-json\/wp\/v2\/media\/856"}],"wp:attachment":[{"href":"https:\/\/www.cvbarreiro.com\/index.php\/wp-json\/wp\/v2\/media?parent=850"}],"wp:term":[{"taxonomy":"category","embeddable":true,"href":"https:\/\/www.cvbarreiro.com\/index.php\/wp-json\/wp\/v2\/categories?post=850"},{"taxonomy":"post_tag","embeddable":true,"href":"https:\/\/www.cvbarreiro.com\/index.php\/wp-json\/wp\/v2\/tags?post=850"}],"curies":[{"name":"wp","href":"https:\/\/api.w.org\/{rel}","templated":true}]}}