{"id":864,"date":"2026-02-02T18:44:23","date_gmt":"2026-02-02T18:44:23","guid":{"rendered":"https:\/\/www.cvbarreiro.com\/?p=864"},"modified":"2026-02-02T18:44:23","modified_gmt":"2026-02-02T18:44:23","slug":"gala-dos-campoes-vela","status":"publish","type":"post","link":"https:\/\/www.cvbarreiro.com\/index.php\/2026\/02\/02\/gala-dos-campoes-vela\/","title":{"rendered":"GALA DOS CAMP\u00d5ES VELA \u00a0"},"content":{"rendered":"\n<figure class=\"wp-block-image size-large\"><img fetchpriority=\"high\" decoding=\"async\" width=\"1024\" height=\"688\" src=\"https:\/\/www.cvbarreiro.com\/wp-content\/uploads\/2026\/02\/press02-1024x688.webp\" alt=\"\" class=\"wp-image-852\" srcset=\"https:\/\/www.cvbarreiro.com\/wp-content\/uploads\/2026\/02\/press02-1024x688.webp 1024w, https:\/\/www.cvbarreiro.com\/wp-content\/uploads\/2026\/02\/press02-300x202.webp 300w, https:\/\/www.cvbarreiro.com\/wp-content\/uploads\/2026\/02\/press02-768x516.webp 768w, https:\/\/www.cvbarreiro.com\/wp-content\/uploads\/2026\/02\/press02.webp 1260w\" sizes=\"(max-width: 1024px) 100vw, 1024px\" \/><\/figure>\n\n\n\n<p>Gala dos Campe\u00f5es da Vela<br>Realizou-se no passado s\u00e1bado a Gala do Campe\u00f5es da Vela que visa homenagear as conquistas Nacionais e Internacionais das \u00e9pocas 2023\/24 e 2024\/2025. O Clube marcou presen\u00e7a com os velejadores \u00c1lvaro Marinho, Jos\u00e9 Wanzeller, Catarina Oliveira e Madalena Wanzeller. Para a todos e parab\u00e9ns a Federa\u00e7\u00e3o Portuguesa de Vela pela iniciativa.<br><br>Catarina Oliveira &#8211; Campe\u00e3 Nacional ILCA 4 &#8211; \u00e9poca 2023\/2024<br>Madalena Wanzeller &#8211; Campe\u00e3 Nacional junior ILCA 6 &#8211; \u00e9poca 2024\/2025<br>Jos\u00e9 Wanzeller &#8211; Campe\u00e3o Nacional ANC &#8211; Classe E<br>\u00c1lvaro Marinho -Medalha de bronze Campeonato do Mundo de Swan 50 \u2013 2024<\/p>\n\n\n\n<p>&nbsp;&nbsp;&nbsp;&nbsp;&nbsp;&nbsp;&nbsp;&nbsp;&nbsp;&nbsp;&nbsp;&nbsp;&nbsp;&nbsp;&nbsp;&nbsp;&nbsp;&nbsp;&nbsp;&nbsp;&nbsp;&nbsp;&nbsp;&nbsp;&nbsp;&nbsp;&nbsp;&nbsp;&nbsp;&nbsp; &#8211; Campe\u00e3o do Mundo classe 6 metros &#8211; 2025<\/p>\n\n\n\n<p><\/p>\n","protected":false},"excerpt":{"rendered":"<p>Gala dos Campe\u00f5es da VelaRealizou-se no passado s\u00e1bado a Gala do Campe\u00f5es da Vela que visa homenagear as conquistas Nacionais e Internacionais das \u00e9pocas 2023\/24 e 2024\/2025. O Clube marcou presen\u00e7a com os velejadores \u00c1lvaro Marinho, Jos\u00e9 Wanzeller, Catarina Oliveira e Madalena Wanzeller. Para a todos e parab\u00e9ns a Federa\u00e7\u00e3o Portuguesa de Vela pela iniciativa. Catarina Oliveira &#8211; Campe\u00e3 Nacional ILCA 4 &#8211; \u00e9poca 2023\/2024Madalena Wanzeller &#8211; Campe\u00e3 Nacional junior ILCA 6 &#8211; \u00e9poca 2024\/2025Jos\u00e9 Wanzeller &#8211; Campe\u00e3o Nacional ANC &#8211; Classe E\u00c1lvaro Marinho -Medalha de bronze Campeonato do Mundo de Swan 50 \u2013 2024 &nbsp;&nbsp;&nbsp;&nbsp;&nbsp;&nbsp;&nbsp;&nbsp;&nbsp;&nbsp;&nbsp;&nbsp;&nbsp;&nbsp;&nbsp;&nbsp;&nbsp;&nbsp;&nbsp;&nbsp;&nbsp;&nbsp;&nbsp;&nbsp;&nbsp;&nbsp;&nbsp;&nbsp;&nbsp;&nbsp; &#8211; Campe\u00e3o do Mundo classe 6 metros &#8211; 2025<\/p>\n","protected":false},"author":1,"featured_media":852,"comment_status":"closed","ping_status":"open","sticky":false,"template":"","format":"standard","meta":{"footnotes":""},"categories":[5],"tags":[],"class_list":["post-864","post","type-post","status-publish","format-standard","has-post-thumbnail","hentry","category-press"],"aioseo_notices":[],"_links":{"self":[{"href":"https:\/\/www.cvbarreiro.com\/index.php\/wp-json\/wp\/v2\/posts\/864","targetHints":{"allow":["GET"]}}],"collection":[{"href":"https:\/\/www.cvbarreiro.com\/index.php\/wp-json\/wp\/v2\/posts"}],"about":[{"href":"https:\/\/www.cvbarreiro.com\/index.php\/wp-json\/wp\/v2\/types\/post"}],"author":[{"embeddable":true,"href":"https:\/\/www.cvbarreiro.com\/index.php\/wp-json\/wp\/v2\/users\/1"}],"replies":[{"embeddable":true,"href":"https:\/\/www.cvbarreiro.com\/index.php\/wp-json\/wp\/v2\/comments?post=864"}],"version-history":[{"count":1,"href":"https:\/\/www.cvbarreiro.com\/index.php\/wp-json\/wp\/v2\/posts\/864\/revisions"}],"predecessor-version":[{"id":874,"href":"https:\/\/www.cvbarreiro.com\/index.php\/wp-json\/wp\/v2\/posts\/864\/revisions\/874"}],"wp:featuredmedia":[{"embeddable":true,"href":"https:\/\/www.cvbarreiro.com\/index.php\/wp-json\/wp\/v2\/media\/852"}],"wp:attachment":[{"href":"https:\/\/www.cvbarreiro.com\/index.php\/wp-json\/wp\/v2\/media?parent=864"}],"wp:term":[{"taxonomy":"category","embeddable":true,"href":"https:\/\/www.cvbarreiro.com\/index.php\/wp-json\/wp\/v2\/categories?post=864"},{"taxonomy":"post_tag","embeddable":true,"href":"https:\/\/www.cvbarreiro.com\/index.php\/wp-json\/wp\/v2\/tags?post=864"}],"curies":[{"name":"wp","href":"https:\/\/api.w.org\/{rel}","templated":true}]}}